{"id":1254,"date":"2020-07-11T13:22:12","date_gmt":"2020-07-11T12:22:12","guid":{"rendered":"http:\/\/emmaus-blois.com\/?p=1254"},"modified":"2020-07-23T15:20:51","modified_gmt":"2020-07-23T14:20:51","slug":"conditions-dacces-a-la-boutique","status":"publish","type":"post","link":"https:\/\/emmaus-blois.com\/index.php\/2020\/07\/11\/conditions-dacces-a-la-boutique\/","title":{"rendered":"Conditions d&rsquo;acc\u00e8s \u00e0 La Boutique !"},"content":{"rendered":"\n<p>Suite \u00e0 la crise sanitaire du Covid-19, des mesures de s\u00e9curit\u00e9 ont \u00e9t\u00e9 prises pour assurer la s\u00e9curit\u00e9 de chacun au sein de l&rsquo;\u00e9tablissement EMMA\u00dcS Blois. <\/p>\n\n\n\n<figure class=\"wp-block-image size-large\"><img loading=\"lazy\" width=\"1024\" height=\"342\" src=\"http:\/\/emmaus-blois.com\/wp-content\/uploads\/2020\/07\/Conditions-dacc\u00e8s-au-magasin-2-1-1024x342.png\" alt=\"\" class=\"wp-image-1409\" srcset=\"https:\/\/emmaus-blois.com\/wp-content\/uploads\/2020\/07\/Conditions-dacc\u00e8s-au-magasin-2-1-1024x342.png 1024w, https:\/\/emmaus-blois.com\/wp-content\/uploads\/2020\/07\/Conditions-dacc\u00e8s-au-magasin-2-1-300x100.png 300w, https:\/\/emmaus-blois.com\/wp-content\/uploads\/2020\/07\/Conditions-dacc\u00e8s-au-magasin-2-1-768x256.png 768w, https:\/\/emmaus-blois.com\/wp-content\/uploads\/2020\/07\/Conditions-dacc\u00e8s-au-magasin-2-1-1536x512.png 1536w, https:\/\/emmaus-blois.com\/wp-content\/uploads\/2020\/07\/Conditions-dacc\u00e8s-au-magasin-2-1-1140x380.png 1140w, https:\/\/emmaus-blois.com\/wp-content\/uploads\/2020\/07\/Conditions-dacc\u00e8s-au-magasin-2-1.png 2000w\" sizes=\"(max-width: 1024px) 100vw, 1024px\" \/><\/figure>\n\n\n\n<p><\/p>\n","protected":false},"excerpt":{"rendered":"<p>Suite \u00e0 la crise sanitaire du Covid-19, des mesures de s\u00e9curit\u00e9 ont \u00e9t\u00e9 prises pour assurer la s\u00e9curit\u00e9 de chacun au sein de l&rsquo;\u00e9tablissement EMMA\u00dcS Blois.<\/p>\n","protected":false},"author":3,"featured_media":1409,"comment_status":"closed","ping_status":"closed","sticky":false,"template":"","format":"standard","meta":{"_mi_skip_tracking":false},"categories":[53],"tags":[],"yoast_head":"<!-- This site is optimized with the Yoast SEO plugin v19.14 - https:\/\/yoast.com\/wordpress\/plugins\/seo\/ -->\n<title>Conditions d&#039;acc\u00e8s \u00e0 La Boutique ! - Emmaus Blois<\/title>\n<meta name=\"robots\" content=\"index, follow, max-snippet:-1, max-image-preview:large, max-video-preview:-1\" \/>\n<link rel=\"canonical\" href=\"https:\/\/emmaus-blois.com\/index.php\/2020\/07\/11\/conditions-dacces-a-la-boutique\/\" \/>\n<meta property=\"og:locale\" content=\"fr_FR\" \/>\n<meta property=\"og:type\" content=\"article\" \/>\n<meta property=\"og:title\" content=\"Conditions d&#039;acc\u00e8s \u00e0 La Boutique ! - Emmaus Blois\" \/>\n<meta property=\"og:description\" content=\"Suite \u00e0 la crise sanitaire du Covid-19, des mesures de s\u00e9curit\u00e9 ont \u00e9t\u00e9 prises pour assurer la s\u00e9curit\u00e9 de chacun au sein de l&rsquo;\u00e9tablissement EMMA\u00dcS Blois.\" \/>\n<meta property=\"og:url\" content=\"https:\/\/emmaus-blois.com\/index.php\/2020\/07\/11\/conditions-dacces-a-la-boutique\/\" \/>\n<meta property=\"og:site_name\" content=\"Emmaus Blois\" \/>\n<meta property=\"article:published_time\" content=\"2020-07-11T12:22:12+00:00\" \/>\n<meta property=\"article:modified_time\" content=\"2020-07-23T14:20:51+00:00\" \/>\n<meta property=\"og:image\" content=\"https:\/\/emmaus-blois.com\/wp-content\/uploads\/2020\/07\/Conditions-dacc\u00e8s-au-magasin-2-1.png\" \/>\n\t<meta property=\"og:image:width\" content=\"2000\" \/>\n\t<meta property=\"og:image:height\" content=\"667\" \/>\n\t<meta property=\"og:image:type\" content=\"image\/png\" \/>\n<meta name=\"author\" content=\"Emmaus\" \/>\n<meta name=\"twitter:card\" content=\"summary_large_image\" \/>\n<meta name=\"twitter:label1\" content=\"\u00c9crit par\" \/>\n\t<meta name=\"twitter:data1\" content=\"Emmaus\" \/>\n<script type=\"application\/ld+json\" class=\"yoast-schema-graph\">{\"@context\":\"https:\/\/schema.org\",\"@graph\":[{\"@type\":\"WebPage\",\"@id\":\"https:\/\/emmaus-blois.com\/index.php\/2020\/07\/11\/conditions-dacces-a-la-boutique\/\",\"url\":\"https:\/\/emmaus-blois.com\/index.php\/2020\/07\/11\/conditions-dacces-a-la-boutique\/\",\"name\":\"Conditions d'acc\u00e8s \u00e0 La Boutique ! - Emmaus Blois\",\"isPartOf\":{\"@id\":\"https:\/\/emmaus-blois.com\/#website\"},\"datePublished\":\"2020-07-11T12:22:12+00:00\",\"dateModified\":\"2020-07-23T14:20:51+00:00\",\"author\":{\"@id\":\"https:\/\/emmaus-blois.com\/#\/schema\/person\/15d8d7f091caec2863746b8fb4bca3df\"},\"breadcrumb\":{\"@id\":\"https:\/\/emmaus-blois.com\/index.php\/2020\/07\/11\/conditions-dacces-a-la-boutique\/#breadcrumb\"},\"inLanguage\":\"fr-FR\",\"potentialAction\":[{\"@type\":\"ReadAction\",\"target\":[\"https:\/\/emmaus-blois.com\/index.php\/2020\/07\/11\/conditions-dacces-a-la-boutique\/\"]}]},{\"@type\":\"BreadcrumbList\",\"@id\":\"https:\/\/emmaus-blois.com\/index.php\/2020\/07\/11\/conditions-dacces-a-la-boutique\/#breadcrumb\",\"itemListElement\":[{\"@type\":\"ListItem\",\"position\":1,\"name\":\"Accueil\",\"item\":\"https:\/\/emmaus-blois.com\/\"},{\"@type\":\"ListItem\",\"position\":2,\"name\":\"Conditions d&rsquo;acc\u00e8s \u00e0 La Boutique !\"}]},{\"@type\":\"WebSite\",\"@id\":\"https:\/\/emmaus-blois.com\/#website\",\"url\":\"https:\/\/emmaus-blois.com\/\",\"name\":\"Emmaus Blois\",\"description\":\"\",\"potentialAction\":[{\"@type\":\"SearchAction\",\"target\":{\"@type\":\"EntryPoint\",\"urlTemplate\":\"https:\/\/emmaus-blois.com\/?s={search_term_string}\"},\"query-input\":\"required name=search_term_string\"}],\"inLanguage\":\"fr-FR\"},{\"@type\":\"Person\",\"@id\":\"https:\/\/emmaus-blois.com\/#\/schema\/person\/15d8d7f091caec2863746b8fb4bca3df\",\"name\":\"Emmaus\",\"url\":\"https:\/\/emmaus-blois.com\/index.php\/author\/emmausblois\/\"}]}<\/script>\n<!-- \/ Yoast SEO plugin. -->","yoast_head_json":{"title":"Conditions d'acc\u00e8s \u00e0 La Boutique ! - Emmaus Blois","robots":{"index":"index","follow":"follow","max-snippet":"max-snippet:-1","max-image-preview":"max-image-preview:large","max-video-preview":"max-video-preview:-1"},"canonical":"https:\/\/emmaus-blois.com\/index.php\/2020\/07\/11\/conditions-dacces-a-la-boutique\/","og_locale":"fr_FR","og_type":"article","og_title":"Conditions d'acc\u00e8s \u00e0 La Boutique ! - Emmaus Blois","og_description":"Suite \u00e0 la crise sanitaire du Covid-19, des mesures de s\u00e9curit\u00e9 ont \u00e9t\u00e9 prises pour assurer la s\u00e9curit\u00e9 de chacun au sein de l&rsquo;\u00e9tablissement EMMA\u00dcS Blois.","og_url":"https:\/\/emmaus-blois.com\/index.php\/2020\/07\/11\/conditions-dacces-a-la-boutique\/","og_site_name":"Emmaus Blois","article_published_time":"2020-07-11T12:22:12+00:00","article_modified_time":"2020-07-23T14:20:51+00:00","og_image":[{"width":2000,"height":667,"url":"https:\/\/emmaus-blois.com\/wp-content\/uploads\/2020\/07\/Conditions-dacc\u00e8s-au-magasin-2-1.png","type":"image\/png"}],"author":"Emmaus","twitter_card":"summary_large_image","twitter_misc":{"\u00c9crit par":"Emmaus"},"schema":{"@context":"https:\/\/schema.org","@graph":[{"@type":"WebPage","@id":"https:\/\/emmaus-blois.com\/index.php\/2020\/07\/11\/conditions-dacces-a-la-boutique\/","url":"https:\/\/emmaus-blois.com\/index.php\/2020\/07\/11\/conditions-dacces-a-la-boutique\/","name":"Conditions d'acc\u00e8s \u00e0 La Boutique ! - Emmaus Blois","isPartOf":{"@id":"https:\/\/emmaus-blois.com\/#website"},"datePublished":"2020-07-11T12:22:12+00:00","dateModified":"2020-07-23T14:20:51+00:00","author":{"@id":"https:\/\/emmaus-blois.com\/#\/schema\/person\/15d8d7f091caec2863746b8fb4bca3df"},"breadcrumb":{"@id":"https:\/\/emmaus-blois.com\/index.php\/2020\/07\/11\/conditions-dacces-a-la-boutique\/#breadcrumb"},"inLanguage":"fr-FR","potentialAction":[{"@type":"ReadAction","target":["https:\/\/emmaus-blois.com\/index.php\/2020\/07\/11\/conditions-dacces-a-la-boutique\/"]}]},{"@type":"BreadcrumbList","@id":"https:\/\/emmaus-blois.com\/index.php\/2020\/07\/11\/conditions-dacces-a-la-boutique\/#breadcrumb","itemListElement":[{"@type":"ListItem","position":1,"name":"Accueil","item":"https:\/\/emmaus-blois.com\/"},{"@type":"ListItem","position":2,"name":"Conditions d&rsquo;acc\u00e8s \u00e0 La Boutique !"}]},{"@type":"WebSite","@id":"https:\/\/emmaus-blois.com\/#website","url":"https:\/\/emmaus-blois.com\/","name":"Emmaus Blois","description":"","potentialAction":[{"@type":"SearchAction","target":{"@type":"EntryPoint","urlTemplate":"https:\/\/emmaus-blois.com\/?s={search_term_string}"},"query-input":"required name=search_term_string"}],"inLanguage":"fr-FR"},{"@type":"Person","@id":"https:\/\/emmaus-blois.com\/#\/schema\/person\/15d8d7f091caec2863746b8fb4bca3df","name":"Emmaus","url":"https:\/\/emmaus-blois.com\/index.php\/author\/emmausblois\/"}]}},"_links":{"self":[{"href":"https:\/\/emmaus-blois.com\/index.php\/wp-json\/wp\/v2\/posts\/1254"}],"collection":[{"href":"https:\/\/emmaus-blois.com\/index.php\/wp-json\/wp\/v2\/posts"}],"about":[{"href":"https:\/\/emmaus-blois.com\/index.php\/wp-json\/wp\/v2\/types\/post"}],"author":[{"embeddable":true,"href":"https:\/\/emmaus-blois.com\/index.php\/wp-json\/wp\/v2\/users\/3"}],"replies":[{"embeddable":true,"href":"https:\/\/emmaus-blois.com\/index.php\/wp-json\/wp\/v2\/comments?post=1254"}],"version-history":[{"count":4,"href":"https:\/\/emmaus-blois.com\/index.php\/wp-json\/wp\/v2\/posts\/1254\/revisions"}],"predecessor-version":[{"id":1432,"href":"https:\/\/emmaus-blois.com\/index.php\/wp-json\/wp\/v2\/posts\/1254\/revisions\/1432"}],"wp:featuredmedia":[{"embeddable":true,"href":"https:\/\/emmaus-blois.com\/index.php\/wp-json\/wp\/v2\/media\/1409"}],"wp:attachment":[{"href":"https:\/\/emmaus-blois.com\/index.php\/wp-json\/wp\/v2\/media?parent=1254"}],"wp:term":[{"taxonomy":"category","embeddable":true,"href":"https:\/\/emmaus-blois.com\/index.php\/wp-json\/wp\/v2\/categories?post=1254"},{"taxonomy":"post_tag","embeddable":true,"href":"https:\/\/emmaus-blois.com\/index.php\/wp-json\/wp\/v2\/tags?post=1254"}],"curies":[{"name":"wp","href":"https:\/\/api.w.org\/{rel}","templated":true}]}}